{"id":1432,"date":"2025-10-02T08:53:09","date_gmt":"2025-10-02T06:53:09","guid":{"rendered":"https:\/\/www.pharaon.fr\/blog\/?p=1432"},"modified":"2025-10-02T15:59:13","modified_gmt":"2025-10-02T13:59:13","slug":"octobre-rose-pharaon-sengage-pour-la-prevention-et-la-solidarite","status":"publish","type":"post","link":"https:\/\/www.pharaon.fr\/blog\/octobre-rose-pharaon-sengage-pour-la-prevention-et-la-solidarite\/","title":{"rendered":"Pharaon s\u2019engage pour Octobre Rose"},"content":{"rendered":"\n<div style=\"height:100px\" aria-hidden=\"true\" class=\"wp-block-spacer\"><\/div>\n\n\n\n<blockquote class=\"wp-block-quote is-layout-flow wp-block-quote-is-layout-flow\">\n<p class=\"has-text-align-center\"><strong>\u00ab\u00a0Prot\u00e9ger les op\u00e9rateurs et r\u00e9duire les risques est au c\u0153ur de notre m\u00e9tier. En soutenant <a href=\"https:\/\/www.octobreroseennord.fr\/\" title=\"Octobre Rose en Nord\">Octobre Rose en Nord<\/a> et Bonnet Rose, nous souhaitons que la sensibilisation et la pr\u00e9vention du cancer\u00a0du sein d\u00e9passent les fronti\u00e8res de l\u2019industrie.\u00a0\u00bb<\/strong><\/p>\n<\/blockquote>\n\n\n<section class=\"block-ba block-duo alt mt-5 mb-0 boxed pt-0 pb-0\">\n  <div class=\"\">\n    <div class=\"row\">\n                <div class=\"col-12 col-lg-4 col-img px-0 pl-lg-0 pr-lg-2\">\n              <div class=\"picture-wrapper h-100 w-100\">\n                  <img decoding=\"async\" class=\"img_block_duo\" loading=\"lazy\" src=\"https:\/\/www.pharaon.fr\/blog\/wp-content\/uploads\/2025\/09\/logo-octobre-rose-3-1024x382.jpg\" alt=\"logo octobre rose 3\" \/>\n              <\/div>\n          <\/div>\n            <div class=\"col-12 col-lg-8 col-content d-flex my-auto  pr-lg-4\" style=\"order:-1;\">\n        <div class=\"d-flex flex-column inner-content\">\n                    <h2 class=\"title\">Un mois de sensibilisation indispensable<\/h2>\n                          <div class=\"content nerf-last-p\">\n              <p>Chaque ann\u00e9e, le mois d\u2019<strong>octobre<\/strong> prend une dimension particuli\u00e8re avec la campagne <a href=\"https:\/\/www.ligue-cancer.net\/octobre-rose\"><strong>Octobre Rose<\/strong><\/a>. Cet \u00e9v\u00e9nement international, n\u00e9 aux \u00c9tats-Unis il y a plus de 30 ans, vise \u00e0 sensibiliser le grand public \u00e0 l\u2019importance du <strong>d\u00e9pistage du cancer du sein<\/strong>. En France, la mobilisation est devenue incontournable : associations, entreprises et collectivit\u00e9s se rassemblent pour informer, pr\u00e9venir et rappeler que d\u00e9tecter la maladie t\u00f4t permet de sauver des vies.<\/p>\n<p>Le cancer du sein reste le plus fr\u00e9quent chez les femmes, et chaque effort de pr\u00e9vention peut faire la diff\u00e9rence. D\u00e9pist\u00e9 \u00e0 un stade pr\u00e9coce, il peut \u00eatre gu\u00e9ri dans <strong>9 cas sur 10<\/strong>. C\u2019est pourquoi l\u2019information, la vigilance et l\u2019acc\u00e8s au d\u00e9pistage r\u00e9gulier constituent des leviers essentiels.<\/p>\n<p><strong>Pharaon<\/strong> souhaite faire r\u00e9sonner ce message bien au-del\u00e0 de l\u2019univers m\u00e9dical. M\u00eame si les femmes repr\u00e9sentent moins de 30 % des effectifs dans l\u2019industrie, la pr\u00e9vention et le d\u00e9pistage concernent tout le monde. C\u2019est en portant collectivement cette cause que nous pouvons faire une r\u00e9elle diff\u00e9rence.<\/p>\n            <\/div>\n                            <\/div>\n      <\/div>\n    <\/div>\n  <\/div>\n<\/section>\n\n\n\n<hr class=\"wp-block-separator has-alpha-channel-opacity\"\/>\n\n\n<section class=\"block-ba block-duo mt-5 mb-0 boxed pt-0 pb-0\">\n  <div class=\"\">\n    <div class=\"row\">\n                <div class=\"col-12 col-lg-4 col-img px-0 pl-lg-0 pr-lg-2\">\n              <div class=\"picture-wrapper h-100 w-100\">\n                  <img decoding=\"async\" class=\"img_block_duo\" loading=\"lazy\" src=\"https:\/\/www.pharaon.fr\/blog\/wp-content\/uploads\/2025\/09\/Design-sans-titre-37.png\" alt=\"Design sans titre (37)\" \/>\n              <\/div>\n          <\/div>\n            <div class=\"col-12 col-lg-8 col-content d-flex my-auto  pl-lg-4\">\n        <div class=\"d-flex flex-column inner-content\">\n                    <h2 class=\"title\">Pharaon s\u2019engage concr\u00e8tement pour Octobre Rose<\/h2>\n                          <div class=\"content nerf-last-p\">\n              <p>Chez <a href=\"https:\/\/www.pharaon.fr\/\">Pharaon<\/a>, nous sommes convaincus que la <strong>responsabilit\u00e9 d\u2019une entreprise<\/strong> va bien au-del\u00e0 de son activit\u00e9 industrielle. En tant qu\u2019acteur engag\u00e9 dans la sant\u00e9, la s\u00e9curit\u00e9 et le bien-\u00eatre de nos clients et collaborateurs, nous avons choisi de contribuer activement \u00e0 Octobre Rose.<\/p>\n<p>Tout au long du mois d\u2019octobre, pour <strong>chaque envoi d\u2019aspirateur mobile<\/strong>, (hors distributeurs), <strong>10 \u20ac seront revers\u00e9s<\/strong> au collectif <strong>Octobre Rose en Nord<\/strong>. Ce geste simple mais concret permet d\u2019apporter un soutien financier direct \u00e0 des associations locales qui \u0153uvrent aupr\u00e8s des femmes touch\u00e9es par la maladie.<\/p>\n<p>Afin de rendre cette action visible et symbolique, un <strong>ruban rose<\/strong> sera appos\u00e9 sur chaque aspirateur exp\u00e9di\u00e9. Au-del\u00e0 de la contribution financi\u00e8re, cette initiative refl\u00e8te notre volont\u00e9 de faire circuler un message fort de <strong>pr\u00e9vention et de solidarit\u00e9<\/strong>.<\/p>\n<p>Notre engagement se traduit \u00e9galement par une communication d\u00e9di\u00e9e tr\u00e8s large dont l\u2019objectif est clair : sensibiliser largement et donner \u00e0 chacun les moyens de participer.<\/p>\n<p>Parce que la sensibilisation au d\u00e9pistage est l\u2019affaire de tous, Pharaon profite de sa pr\u00e9sence dans de nombreux secteurs industriels pour relayer le message d\u2019Octobre Rose et amplifier son impact.<\/p>\n            <\/div>\n                            <\/div>\n      <\/div>\n    <\/div>\n  <\/div>\n<\/section>\n\n\n\n<hr class=\"wp-block-separator has-alpha-channel-opacity\"\/>\n\n\n<section class=\"block-ba block-duo alt mt-5 mb-0 boxed pt-0 pb-0\">\n  <div class=\"\">\n    <div class=\"row\">\n                <div class=\"col-12 col-lg-4 col-img px-0 pl-lg-0 pr-lg-2\">\n              <div class=\"picture-wrapper h-100 w-100\">\n                  <img decoding=\"async\" class=\"img_block_duo\" loading=\"lazy\" src=\"https:\/\/www.pharaon.fr\/blog\/wp-content\/uploads\/2025\/09\/logo-oren-4c3c84cf93434103ae30354c99ff3e44.png\" alt=\"logo oren 4c3c84cf93434103ae30354c99ff3e44\" \/>\n              <\/div>\n          <\/div>\n            <div class=\"col-12 col-lg-8 col-content d-flex my-auto  pr-lg-4\" style=\"order:-1;\">\n        <div class=\"d-flex flex-column inner-content\">\n                    <h2 class=\"title\">Une mobilisation collective r\u00e9gionale<\/h2>\n                          <div class=\"content nerf-last-p\">\n              <p><a href=\"https:\/\/www.pharaon.fr\/\">Pharaon<\/a> ne m\u00e8ne pas ce combat seul. Nous nous inscrivons dans une d\u00e9marche collective, aux c\u00f4t\u00e9s du <strong>collectif <a href=\"https:\/\/www.octobreroseennord.fr\/\">Octobre rose en Nord<\/a><\/strong>, qui rassemble de nombreuses entreprises de la r\u00e9gion, telles que <strong>Rouge Gorge<\/strong>, <strong>CIC<\/strong>, <strong>Perles du Nord<\/strong> ou encore <strong>Mondial Relay<\/strong>. Ensemble, nous d\u00e9montrons que l\u2019<strong>union fait la force<\/strong> et que la mobilisation des acteurs \u00e9conomiques peut avoir un r\u00e9el impact.<\/p>\n<p>En soutenant ce collectif, nous affirmons notre attachement \u00e0 notre territoire et notre volont\u00e9 de contribuer \u00e0 des projets porteurs de sens, qui s\u2019adressent directement aux femmes et aux familles confront\u00e9es \u00e0 la maladie.<\/p>\n            <\/div>\n                            <\/div>\n      <\/div>\n    <\/div>\n  <\/div>\n<\/section>\n\n\n\n<hr class=\"wp-block-separator has-alpha-channel-opacity\"\/>\n\n\n<section class=\"block-ba block-duo mt-5 mb-0 boxed pt-0 pb-0\">\n  <div class=\"\">\n    <div class=\"row\">\n                <div class=\"col-12 col-lg-4 col-img px-0 pl-lg-0 pr-lg-2\">\n              <div class=\"picture-wrapper h-100 w-100\">\n                  <img decoding=\"async\" class=\"img_block_duo\" loading=\"lazy\" src=\"https:\/\/www.pharaon.fr\/blog\/wp-content\/uploads\/2025\/09\/Design-sans-titre-38.png\" alt=\"Design sans titre (38)\" \/>\n              <\/div>\n          <\/div>\n            <div class=\"col-12 col-lg-8 col-content d-flex my-auto  pl-lg-4\">\n        <div class=\"d-flex flex-column inner-content\">\n                    <h2 class=\"title\">Soutenir les femmes tout au long de leur parcours<\/h2>\n                          <div class=\"content nerf-last-p\">\n              <p>Au-del\u00e0 de la pr\u00e9vention et du d\u00e9pistage, <a href=\"https:\/\/www.ligue-cancer.net\/octobre-rose\">Octobre Rose<\/a> met aussi en lumi\u00e8re les initiatives essentielles pour accompagner les femmes dans leur combat contre le cancer.<\/p>\n<p>Parmi elles, l\u2019association<a href=\"https:\/\/www.monbonnetrose.fr\/\"> <strong>Mon Bonnet Rose<\/strong><\/a> occupe une place centrale. Sa premi\u00e8re mission consiste \u00e0 collecter et redistribuer des <strong>bonnets de chimioth\u00e9rapie<\/strong> aux femmes dans le besoin. Depuis 2020, la cr\u00e9ation de la <a href=\"https:\/\/www.monbonnetrose.fr\/\"><strong>Maison Mon Bonnet Rose<\/strong><\/a> a permis d\u2019accompagner plus de 600 femmes dans un lieu chaleureux et adapt\u00e9. Ce projet innovant, appel\u00e9 <a href=\"https:\/\/www.monbonnetrose.fr\/projets\/la-maison-revee\/\"><strong>\u201cLa Maison R\u00eav\u00e9e\u201d<\/strong><\/a>, ambitionne d\u2019offrir un espace encore plus vaste, proposant un <strong>\u00e9cosyst\u00e8me complet de services<\/strong> : soins corporels, coaching, soutien psychologique et social.<\/p>\n<p>En parall\u00e8le, le collectif soutient la recherche sur le <strong>cancer du sein triple n\u00e9gatif<\/strong>, une forme particuli\u00e8rement agressive qui repr\u00e9sente environ <strong>15 % des cancers du sein<\/strong> et touche davantage une population jeune. En contribuant \u00e0 cette recherche, les fonds collect\u00e9s aident \u00e0 faire progresser la science et \u00e0 offrir de nouvelles perspectives th\u00e9rapeutiques.<\/p>\n<p>Fort de son exp\u00e9rience dans la protection des op\u00e9rateurs dans leur environnement de travail, Pharaon a souhait\u00e9 prolonger cette mission en soutenant des initiatives qui vont bien au-del\u00e0 de son c\u0153ur de m\u00e9tier, pour am\u00e9liorer la qualit\u00e9 de vie des femmes touch\u00e9es par la maladie.<\/p>\n            <\/div>\n                            <\/div>\n      <\/div>\n    <\/div>\n  <\/div>\n<\/section>\n\n\n\n<hr class=\"wp-block-separator has-alpha-channel-opacity\"\/>\n\n\n\n<section id=\"block_5a928a3cbe71072d917531d8fc47d39d\" class=\"block-text block-ba position-relative overflow-hidden mt-5 mb-0\">\n  <div class=\"\">\n          <div class=\"row\">\n        <div class=\"col-12\">\n                  <h2 class=\"title\">Pharaon, un acteur engag\u00e9 et responsable<\/h2>\n            <\/div>\n      <\/div>\n              <div class=\"row\">\n        <div class=\"col-12\">\n          <div class=\"content nerf-last-p\">\n            <p>\u00c0 travers cet engagement, <a href=\"https:\/\/www.pharaon.fr\/\">Pharaon<\/a> r\u00e9affirme que l\u2019entreprise n\u2019est pas seulement un sp\u00e9cialiste de l\u2019<strong>aspiration industrielle<\/strong>, mais \u00e9galement un <strong>acteur citoyen<\/strong> soucieux de son environnement humain et social. En soutenant <a href=\"https:\/\/www.ligue-cancer.net\/octobre-rose\">Octobre Rose<\/a>, nous unissons nos forces \u00e0 celles des associations, des chercheurs et des entreprises partenaires pour faire avancer la pr\u00e9vention, am\u00e9liorer la qualit\u00e9 de vie des femmes touch\u00e9es et contribuer \u00e0 l\u2019espoir de gu\u00e9rison.<\/p>\n<p><strong>Prot\u00e9ger les op\u00e9rateurs et r\u00e9duire les risques est au c\u0153ur de notre m\u00e9tier. En soutenant <a href=\"https:\/\/www.octobreroseennord.fr\/\">Octobre Rose en Nord<\/a> et Bonnet Rose, nous souhaitons que la sensibilisation et la pr\u00e9vention du cancer du sein d\u00e9passent les fronti\u00e8res de l\u2019industrie.<\/strong><\/p>\n<p>Ce mois d\u2019octobre, chaque aspirateur envoy\u00e9 devient plus qu\u2019un \u00e9quipement professionnel : il devient le symbole d\u2019une <strong>mobilisation collective<\/strong> et d\u2019une <strong>solidarit\u00e9 concr\u00e8te<\/strong>. Avec cet engagement, Pharaon affirme son attachement \u00e0 des valeurs de responsabilit\u00e9 et de solidarit\u00e9, en coh\u00e9rence avec sa mission quotidienne : am\u00e9liorer la s\u00e9curit\u00e9 et la sant\u00e9 au travail. En tant qu\u2019entreprise responsable, nous avons \u00e0 c\u0153ur de relayer ce message et de contribuer, \u00e0 notre \u00e9chelle, \u00e0 cette cause universelle.<\/p>\n          <\/div>\n        <\/div>\n      <\/div>\n          <\/div>\n<\/section>\n\n\n\n<hr class=\"wp-block-separator has-alpha-channel-opacity\"\/>\n\n\n<section id=\"block_button-block_cae36f0a7a2cde0ef903ca32aaacd7b8\" class=\"align-items-center block_button block-ba fancy-wrapper pt-0 pb-0 mt-5 mb-0\">\n  <div class=\"container\">\n    <div class=\"row\">\n      <div class=\"col-12 d-flex flex-wrap justify-content-center\">\n                              <a class=\"btn btn-primary ms-2 me-2\" href=\"https:\/\/www.ligue-cancer.net\/octobre-rose\" title=\"Cliquez ici pour en savoir plus !\" target=''>Cliquez ici pour en savoir plus !<\/a>\n                        <\/div>\n    <\/div>\n  <\/div>\n<\/section>\n","protected":false},"excerpt":{"rendered":"\u00ab\u00a0Prot\u00e9ger les op\u00e9rateurs et r\u00e9duire les risques est au c\u0153ur de notre m\u00e9tier. En soutenant Octobre Rose en Nord et Bonnet Rose, nous souhaitons que la sensibilisation et la pr\u00e9vention du cancer\u00a0du sein d\u00e9passent les fronti\u00e8res de l\u2019industrie.\u00a0\u00bb","protected":false},"author":4,"featured_media":1471,"comment_status":"closed","ping_status":"closed","sticky":false,"template":"","format":"standard","meta":{"_acf_changed":false,"_uf_show_specific_survey":0,"_uf_disable_surveys":false,"footnotes":""},"categories":[5],"tags":[],"class_list":["post-1432","post","type-post","status-publish","format-standard","has-post-thumbnail","hentry","category-communique-de-presse","col-12","col-md-6"],"acf":[],"aioseo_notices":[],"thumb":"https:\/\/www.pharaon.fr\/blog\/wp-content\/uploads\/2025\/09\/image-65-1-350x250.png","category":"Communiqu\u00e9 de presse","_links":{"self":[{"href":"https:\/\/www.pharaon.fr\/blog\/wp-json\/wp\/v2\/posts\/1432","targetHints":{"allow":["GET"]}}],"collection":[{"href":"https:\/\/www.pharaon.fr\/blog\/wp-json\/wp\/v2\/posts"}],"about":[{"href":"https:\/\/www.pharaon.fr\/blog\/wp-json\/wp\/v2\/types\/post"}],"author":[{"embeddable":true,"href":"https:\/\/www.pharaon.fr\/blog\/wp-json\/wp\/v2\/users\/4"}],"replies":[{"embeddable":true,"href":"https:\/\/www.pharaon.fr\/blog\/wp-json\/wp\/v2\/comments?post=1432"}],"version-history":[{"count":34,"href":"https:\/\/www.pharaon.fr\/blog\/wp-json\/wp\/v2\/posts\/1432\/revisions"}],"predecessor-version":[{"id":1480,"href":"https:\/\/www.pharaon.fr\/blog\/wp-json\/wp\/v2\/posts\/1432\/revisions\/1480"}],"wp:featuredmedia":[{"embeddable":true,"href":"https:\/\/www.pharaon.fr\/blog\/wp-json\/wp\/v2\/media\/1471"}],"wp:attachment":[{"href":"https:\/\/www.pharaon.fr\/blog\/wp-json\/wp\/v2\/media?parent=1432"}],"wp:term":[{"taxonomy":"category","embeddable":true,"href":"https:\/\/www.pharaon.fr\/blog\/wp-json\/wp\/v2\/categories?post=1432"},{"taxonomy":"post_tag","embeddable":true,"href":"https:\/\/www.pharaon.fr\/blog\/wp-json\/wp\/v2\/tags?post=1432"}],"curies":[{"name":"wp","href":"https:\/\/api.w.org\/{rel}","templated":true}]}}